{"id":209,"count":3,"description":"","link":"https:\/\/menning.kopavogur.is\/event_umbrella\/stadarlistamadur-salarins\/","name":"STA\u00d0ARLISTAMA\u00d0UR SALARINS","slug":"stadarlistamadur-salarins","taxonomy":"event_umbrella","parent":0,"meta":[],"acf":{"featured_image":"https:\/\/menning.kopavogur.is\/wp-content\/uploads\/2023\/04\/Dark-green.jpg","accent_color":"#000","accent_color_text":"#fff","widget_title":"Spuna\u00fer\u00edleikurinn","widget_description":"T\u00f3nsk\u00e1ldi\u00f0, p\u00edan\u00f3leikarinn og \u00fe\u00fasund\u00fejalasmi\u00f0urinn Dav\u00ed\u00f0 \u00de\u00f3r J\u00f3nsson er sta\u00f0arlistama\u00f0ur Salarins \u00e1ri\u00f0 2023. Dav\u00ed\u00f0 \u00de\u00f3r mun af \u00fev\u00ed tilefni bj\u00f3\u00f0a upp \u00e1 \u00ferenna spunat\u00f3nleika \u00e1ri\u00f0 2023 \u00ed Salnum sem teygja sig yfir h\u00e1lft \u00e1r.","widget_more_events_phrase":"N\u00e6stu vi\u00f0bur\u00f0ir"},"_links":{"self":[{"href":"https:\/\/menning.kopavogur.is\/en\/wp-json\/wp\/v2\/event_umbrella\/209","targetHints":{"allow":["GET"]}}],"collection":[{"href":"https:\/\/menning.kopavogur.is\/en\/wp-json\/wp\/v2\/event_umbrella"}],"about":[{"href":"https:\/\/menning.kopavogur.is\/en\/wp-json\/wp\/v2\/taxonomies\/event_umbrella"}],"wp:post_type":[{"href":"https:\/\/menning.kopavogur.is\/en\/wp-json\/wp\/v2\/event?event_umbrella=209"}],"curies":[{"name":"wp","href":"https:\/\/api.w.org\/{rel}","templated":true}]}}