{"id":75,"count":24,"description":"Lj\u00f3\u00f0inu \u00ed allri sinni d\u00fdr\u00f0 fagna\u00f0 \u00e1 \u00fdmsa lund dagana 21. - 24. jan\u00faar.\r\n\r\n\u00d3keypis er \u00e1 alla vi\u00f0bur\u00f0i. Vi\u00f0 hl\u00f6kkum til a\u00f0 fagna lj\u00f3\u00f0inu me\u00f0 ykkur.","link":"https:\/\/menning.kopavogur.is\/event_umbrella\/dagar-ljodsins-i-kopavogi-20-26-februar\/","name":"DAGAR LJ\u00d3\u00d0SINS","slug":"dagar-ljodsins-i-kopavogi-20-26-februar","taxonomy":"event_umbrella","parent":0,"meta":[],"acf":{"accent_color":"#000000","accent_color_text":"#ffffff","widget_title":"F\u00f6gnum lj\u00f3\u00f0inu","widget_description":"Dagar lj\u00f3\u00f0sins fara fram \u00ed K\u00f3pavogi 21. \u2013 24. jan\u00faar me\u00f0 fj\u00f6lbreyttu og spennandi vi\u00f0bur\u00f0ahaldi.\r\n\r\n\u00d3keypis er \u00e1 alla vi\u00f0bur\u00f0i og \u00f6ll hjartanlega velkomin.\r\n\r\nLista- og menningarr\u00e1\u00f0 K\u00f3pavogsb\u00e6jar styrkir Daga lj\u00f3\u00f0sins.","widget_more_events_phrase":"N\u00e6stu vi\u00f0bur\u00f0ir","featured_image":"https:\/\/menning.kopavogur.is\/wp-content\/uploads\/2022\/08\/jonurvor.jpg"},"_links":{"self":[{"href":"https:\/\/menning.kopavogur.is\/en\/wp-json\/wp\/v2\/event_umbrella\/75","targetHints":{"allow":["GET"]}}],"collection":[{"href":"https:\/\/menning.kopavogur.is\/en\/wp-json\/wp\/v2\/event_umbrella"}],"about":[{"href":"https:\/\/menning.kopavogur.is\/en\/wp-json\/wp\/v2\/taxonomies\/event_umbrella"}],"wp:post_type":[{"href":"https:\/\/menning.kopavogur.is\/en\/wp-json\/wp\/v2\/event?event_umbrella=75"}],"curies":[{"name":"wp","href":"https:\/\/api.w.org\/{rel}","templated":true}]}}